{"id":562,"date":"2019-01-24T19:10:40","date_gmt":"2019-01-24T19:10:40","guid":{"rendered":"https:\/\/mirulu.com\/blog\/sin-categorizar\/562\/"},"modified":"2025-05-16T22:25:58","modified_gmt":"2025-05-16T22:25:58","slug":"562","status":"publish","type":"post","link":"https:\/\/mirulu.com\/ca\/blog\/projectes\/562\/","title":{"rendered":"Cas d&#8217;\u00e8xit Kit Digital: Web professional per a l&#8217;advocat Pedro P\u00e9rez Lasierra"},"content":{"rendered":"<p class=\"\" data-start=\"362\" data-end=\"640\">A Mirulu, ajudem professionals com Pedro P\u00e9rez Lasierra a aprofitar el Kit Digital per transformar la seva pres\u00e8ncia online. Aquest projecte \u00e9s un exemple clar de com una web ben dissenyada es pot convertir en una eina de captaci\u00f3 de clients i posicionament local. <\/p>\n<h3 class=\"\" data-start=\"642\" data-end=\"683\">\u2696\ufe0f Qui \u00e9s Pedro P\u00e9rez Lasierra?<\/h3>\n<p class=\"\" data-start=\"685\" data-end=\"951\">Pedro \u00e9s advocat a <strong data-start=\"705\" data-end=\"728\">Sabadell (Catalunya)<\/strong> , especialitzat en oferir assessorament jur\u00eddic personalitzat. La seva necessitat era clara: mostrar els seus serveis de manera clara, accessible i professional, generant confian\u00e7a i facilitant el contacte amb clients potencials. <\/p>\n<hr class=\"\" data-start=\"953\" data-end=\"956\">\n<h3 class=\"\" data-start=\"958\" data-end=\"991\">Qu\u00e8 vam fer des de Mirulu?<\/h3>\n<p class=\"\" data-start=\"993\" data-end=\"1237\"><strong data-start=\"993\" data-end=\"1037\">1. Disseny i desenvolupament web personalitzat<\/strong><br data-start=\"1037\" data-end=\"1040\"> Creem una web amb una imatge seriosa i moderna, adaptada al sector jur\u00eddic, pensada per refor\u00e7ar la seva autoritat professional i facilitar la navegaci\u00f3 de qualsevol usuari, des de m\u00f2bil o escriptori.<\/p>\n<p class=\"\" data-start=\"1239\" data-end=\"1468\"><strong data-start=\"1239\" data-end=\"1300\">2. Redacci\u00f3 de continguts clars i orientats al client<\/strong><br data-start=\"1300\" data-end=\"1303\"> Cada especialitat jur\u00eddica est\u00e0 explicada de manera directa, sense tecnicismes innecessaris, perqu\u00e8 qualsevol visitant pugui entendre els serveis que ofereix Pedro.<\/p>\n<p class=\"\" data-start=\"1470\" data-end=\"1667\"><strong data-start=\"1470\" data-end=\"1500\">3. SEO local per a Sabadell<\/strong><br data-start=\"1500\" data-end=\"1503\"> Optimitzem t\u00edtols, metadescripcions, URLs i contingut per posicionar la web en cerques rellevants com \u201cadvocat a Sabadell\u201d o \u201cserveis jur\u00eddics Sabadell\u201d.<\/p>\n<p class=\"\" data-start=\"1669\" data-end=\"1898\"><strong data-start=\"1669\" data-end=\"1722\">4. Assessorament digital i estructura estrat\u00e8gica<\/strong><br data-start=\"1722\" data-end=\"1725\"> Creem una arquitectura web enfocada a la conversi\u00f3: p\u00e0gines ben jerarquitzades, formulari de contacte visible i crides a l&#8217;acci\u00f3 clares a totes les seccions clau.<\/p>\n<hr class=\"\" data-start=\"1900\" data-end=\"1903\">\n<h3 class=\"\" data-start=\"1905\" data-end=\"1961\">\u2699\ufe0f Principals caracter\u00edstiques t\u00e8cniques del projecte<\/h3>\n<ul data-start=\"1963\" data-end=\"2169\">\n<li class=\"\" data-start=\"1963\" data-end=\"2019\">\n<p class=\"\" data-start=\"1965\" data-end=\"2019\">Web <strong data-start=\"1969\" data-end=\"1983\">responsive<\/strong> , adaptada a qualsevol dispositiu<\/p>\n<\/li>\n<li class=\"\" data-start=\"2020\" data-end=\"2059\">\n<p class=\"\" data-start=\"2022\" data-end=\"2059\">Formularis de contacte optimitzats<\/p>\n<\/li>\n<li class=\"\" data-start=\"2060\" data-end=\"2096\">\n<p class=\"\" data-start=\"2062\" data-end=\"2096\">Optimitzaci\u00f3 SEO OnPage completa<\/p>\n<\/li>\n<li class=\"\" data-start=\"2097\" data-end=\"2132\">\n<p class=\"\" data-start=\"2099\" data-end=\"2132\">C\u00e0rrega r\u00e0pida i estructura clara<\/p>\n<\/li>\n<li class=\"\" data-start=\"2133\" data-end=\"2169\">\n<p class=\"\" data-start=\"2135\" data-end=\"2169\">Panell autogestionable a WordPress<\/p>\n<\/li>\n<\/ul>\n<hr class=\"\" data-start=\"2171\" data-end=\"2174\">\n<h3 class=\"\" data-start=\"2176\" data-end=\"2203\">Pots veure-la en l\u00ednia:<\/h3>\n<p class=\"\" data-start=\"2204\" data-end=\"2269\"><a href=\"https:\/\/pedroperezlasierra.es\" target=\"_new\" rel=\"noopener\" data-start=\"2207\" data-end=\"2269\">https:\/\/pedroperezlasierra.es<\/a><\/p>\n<hr class=\"\" data-start=\"2271\" data-end=\"2274\">\n<h3 class=\"\" data-start=\"2276\" data-end=\"2341\">Tu tamb\u00e9 vols una web subvencionada amb el Kit Digital?<\/h3>\n<p class=\"\" data-start=\"2343\" data-end=\"2509\">A Mirulu desenvolupem webs que funcionen, sense plantilles gen\u00e8riques ni promeses buides. T&#8217;acompanyem en tot el proc\u00e9s, des de la tramitaci\u00f3 fins a la publicaci\u00f3. <\/p>\n<p class=\"\" data-start=\"2511\" data-end=\"2643\">Escriu-nos a <a rel=\"noopener\" data-start=\"2527\" data-end=\"2576\">hola@mirulu.com<\/a> o visita <a href=\"https:\/\/mirulu.com\/ca\/\" target=\"_new\" rel=\"noopener\" data-start=\"2586\" data-end=\"2618\">mirulu.com<\/a> i comencem el teu projecte.<\/p>\n","protected":false},"excerpt":{"rendered":"<p>A Mirulu, ajudem professionals com Pedro P\u00e9rez Lasierra a aprofitar el Kit Digital per transformar la seva pres\u00e8ncia online. Aquest projecte \u00e9s un exemple clar de com una web ben dissenyada es pot convertir en una eina de captaci\u00f3 de clients i posicionament local. \u2696\ufe0f Qui \u00e9s Pedro P\u00e9rez Lasierra? Pedro \u00e9s advocat a Sabadell [&hellip;]<\/p>\n","protected":false},"author":2,"featured_media":766,"comment_status":"open","ping_status":"open","sticky":false,"template":"","format":"standard","meta":{"_et_pb_use_builder":"off","_et_pb_old_content":"","_et_gb_content_width":"","footnotes":""},"categories":[40],"tags":[],"class_list":["post-562","post","type-post","status-publish","format-standard","has-post-thumbnail","hentry","category-projectes"],"_links":{"self":[{"href":"https:\/\/mirulu.com\/ca\/wp-json\/wp\/v2\/posts\/562","targetHints":{"allow":["GET"]}}],"collection":[{"href":"https:\/\/mirulu.com\/ca\/wp-json\/wp\/v2\/posts"}],"about":[{"href":"https:\/\/mirulu.com\/ca\/wp-json\/wp\/v2\/types\/post"}],"author":[{"embeddable":true,"href":"https:\/\/mirulu.com\/ca\/wp-json\/wp\/v2\/users\/2"}],"replies":[{"embeddable":true,"href":"https:\/\/mirulu.com\/ca\/wp-json\/wp\/v2\/comments?post=562"}],"version-history":[{"count":2,"href":"https:\/\/mirulu.com\/ca\/wp-json\/wp\/v2\/posts\/562\/revisions"}],"predecessor-version":[{"id":811,"href":"https:\/\/mirulu.com\/ca\/wp-json\/wp\/v2\/posts\/562\/revisions\/811"}],"wp:featuredmedia":[{"embeddable":true,"href":"https:\/\/mirulu.com\/ca\/wp-json\/wp\/v2\/media\/766"}],"wp:attachment":[{"href":"https:\/\/mirulu.com\/ca\/wp-json\/wp\/v2\/media?parent=562"}],"wp:term":[{"taxonomy":"category","embeddable":true,"href":"https:\/\/mirulu.com\/ca\/wp-json\/wp\/v2\/categories?post=562"},{"taxonomy":"post_tag","embeddable":true,"href":"https:\/\/mirulu.com\/ca\/wp-json\/wp\/v2\/tags?post=562"}],"curies":[{"name":"wp","href":"https:\/\/api.w.org\/{rel}","templated":true}]}}